{"id":3549,"date":"2021-06-03T13:30:00","date_gmt":"2021-06-03T18:30:00","guid":{"rendered":"https:\/\/www.aclunebraska.org\/press-releases\/ojos-en-la-justicia-igualitaria-aclu-de-nebraska-lanza-programa-de-vigilancia-de-la\/"},"modified":"2021-06-03T13:30:00","modified_gmt":"2021-06-03T18:30:00","slug":"ojos-en-la-justicia-igualitaria-aclu-de-nebraska-lanza-programa-de-vigilancia-de-la","status":"publish","type":"press_release","link":"https:\/\/www.aclunebraska.org\/es\/press-releases\/ojos-en-la-justicia-igualitaria-aclu-de-nebraska-lanza-programa-de-vigilancia-de-la\/","title":{"rendered":"OJOS EN LA JUSTICIA IGUALITARIA, ACLU DE NEBRASKA LANZA PROGRAMA DE VIGILANCIA DE LA CORTE"},"author":5,"featured_media":0,"menu_order":0,"template":"","meta":{"_acf_changed":false,"_relevanssi_hide_post":"","_relevanssi_hide_content":"","_relevanssi_pin_for_all":"","_relevanssi_pin_keywords":"","_relevanssi_unpin_keywords":"","_relevanssi_related_keywords":"","_relevanssi_related_include_ids":"","_relevanssi_related_exclude_ids":"","_relevanssi_related_no_append":"","_relevanssi_related_not_related":"","_relevanssi_related_posts":"","_relevanssi_noindex_reason":""},"class_list":["post-3549","press_release","type-press_release","status-publish","hentry"],"acf":{"subheading":"","date_and_time":"2021-06-03 13:30:00","featured_image":3548,"components":[{"acf_fc_layout":"text","text":{"text":"3 DE JUNIO DEL 2021\n\nLINCOLN, Neb. \u2013 Hoy, la ACLU de Nebraska anunci\u00f3 un nuevo esfuerzo de rendici\u00f3n de cuentas ante el fiscal y la corte, centrado en los derechos de los ciudadanos de Nebraska que est\u00e1n luchando financieramente. El proyecto es el primero de su \u00e1mbito en el estado Cornhusker.\n\nDurante los pr\u00f3ximos dos a\u00f1os, los funcionarios y voluntarios de la ACLU de Nebraska, vigilar\u00e1n cientos de horas de procedimientos judiciales para asegurar el cumplimiento de las leyes estatales que dicen que los jueces deben considerar la capacidad financiera de una persona para pagar fianza en efectivo, multaso tarifas. El nuevo programa est\u00e1 comenzando en el Condado de Lancaster con planes para incluir jurisdicciones adicionales el pr\u00f3ximo a\u00f1o.\n\nEl programa tambi\u00e9n incluye el alcance comunitario. La ACLU de Nebraska, recientemente tradujo formularios que la gente puede utilizar para solicitar adaptaciones o la absoluci\u00f3n de multas o costos de la corte en cinco idiomas comunes hablados en Nebraska. El personal y los voluntarios se esforzar\u00e1n por crear conciencia sobre esos recursos mediante actividades de divulgaci\u00f3n dirigidas a los centros comunitarios locales y a los grupos comunitarios.\n\nCada semana en Nebraska, cientos de personas van ante los jueces del condado que establecen una fianza en efectivo o imponen multas o tarifas durante las audiencias que t\u00edpicamente duran no m\u00e1s de cinco minutos. La ley estatal requiere consideraciones individualizadas de la capacidad de pago de cada persona, pero no todos los fiscales o jueces toman tiempo para evaluar esto significativamente o hacer que cada persona sea consciente de su derecho a solicitar alternativas. Estas alternativas pueden incluir planes de pago, servicio a la comunidad, o la descarga de multas y honorarios.\n\nLos programas de observaci\u00f3n de la corte en otros afiliados de ACLU han conducido a demandas colectivas continuas, pero el Director Legal de ACLU de Nebraska, Adam Sipple, dijo que espera evitar la necesidad de litigio; por el contrario, el programa tiene como objetivo lograr la aceptaci\u00f3n de todas las partes interesadas en el sistema judicial penal, incluidos jueces y fiscales, para garantizar las mejores pr\u00e1cticas en la imposici\u00f3n de la fianza y las multas en virtud de la legislaci\u00f3n vigente y, en \u00faltima instancia, crear apoyo p\u00fablico para reemplazar el sistema de fianza en efectivo.\n\nAunque Estados Unidos aboli\u00f3 formalmente la encarcelaci\u00f3n de personas que no pudieron pagar sus deudas hace dos siglos, la fianza en efectivo sin garant\u00edas puede crear efectivamente una prisi\u00f3n de deudores moderna, donde la gente est\u00e1 encarcelada s\u00f3lo porque no puede pagar una fianza, multa o tarifa. \n\n\u201cLa libertad no debe depender de cu\u00e1nto dinero tengas\u201d, dijo Sipple. \u201cCuando la capacidad de pago de alguien no se eval\u00faa adecuadamente o no se considera de manera significativa, la fianza en efectivo crea efectivamente un sistema de justicia de dos niveles en el que las personas que pueden pagar su liberaci\u00f3n se van a casa mientras que otras sufren innecesariamente en la c\u00e1rcel. \u00c9sa estancia en la c\u00e1rcel puede costarle el trabajo a alguien y causar otras consecuencias colaterales devastadoras. Si vamos a asegurarnos de que los ciudadanos de Nebraska tengan igual acceso a la justicia, independientemente de lo que puedan pagar, necesitamos que todos trabajen juntos\".\n\nEl nuevo proyecto contin\u00faa el trabajo de la ACLU de Nebraska sobre la necesidad de una reforma de la fianza. El informe del 2016 de la organizaci\u00f3n \u201cJusticia Desigual\u201d encontr\u00f3 marcadas disparidades raciales en las poblaciones antes del juicio en las c\u00e1rceles y una tendencia de jueces que asignan a los ciudadanos de Nebraska de color una fianza mayor que a los acusados blancos por los mismos delitos.\n\nDesde el informe, la Legislatura de Nebraska ha aprobado leyes que requieren la consideraci\u00f3n de la capacidad de pago, pero las disparidades raciales contin\u00faan hoy en d\u00eda. Seg\u00fan los datos del censo, alrededor del 4% de los residentes del condado de Lancaster son negros. Hasta el mi\u00e9rcoles pasado, aproximadamente el 34% de la poblaci\u00f3n de la c\u00e1rcel del condado de Lancaster era negra. De la misma manera, las cifras del censo muestran que menos del 12% del condado de Douglas es negro, pero al mi\u00e9rcoles pasado, m\u00e1s del 48% de la poblaci\u00f3n de la c\u00e1rcel del condado de Douglas era negra.\n\nA nivel nacional, la investigaci\u00f3n ha demostrado que las personas que est\u00e1n detenidas antes del juicio porque no pueden pagar la fianza tienen m\u00e1s probabilidades de aceptar un acuerdo de culpabilidad, incluso si tienen una defensa v\u00e1lida.\n\nLa voluntaria del programa Demetrius Gatson, quien trabaja en el apoyo de reingreso, dijo que su propia experiencia de vida destaca la necesidad del programa de ACLU.\n\n\u201cCon cada audiencia por pasar un cheque malo, nunca recuerdo a un juez que preguntara si la fianza era algo que yo pod\u00eda pagar. Nunca recuerdo que me preguntaran por la familia cuando ten\u00eda un hijo peque\u00f1o en casa que me necesitaba. Estoy comprometida a romper el ciclo en mi propia vida y en las vidas de los dem\u00e1s. Una forma de hacerlo es asegurarnos de que nadie se encuentre innecesariamente en la c\u00e1rcel durante meses, cuando deber\u00edan de estar con sus familias, en sus trabajos y conectados con el apoyo que necesitan para arreglar sus vidas\u201d.\n\nEl lanzamiento del programa de vigilancia de la corte viene cuando comienzan los estudios provisionales legislativos sobre la pobreza y la encarcelaci\u00f3n, as\u00ed como las tarifas y multas del condado. Un proyecto de ley que eliminar\u00eda la fianza en efectivo no logr\u00f3 salir del comit\u00e9 este a\u00f1o, pero podr\u00eda avanzar en el 2022.\n\nEl senador John Cavanaugh, que representa al Distrito Legislativo 9 en Omaha, dijo que el sistema actual est\u00e1 inclinado contra los habitantes de Nebraska que son pobres.\n\n\u201cUna fianza en efectivo de $100 d\u00f3lares para una persona no es diferente de una fianza de un mill\u00f3n de d\u00f3lares si no pueden pagarla\u201d, dijo Cavanaugh. \u201cCon demasiada frecuencia asignamos fianzas bajas en d\u00f3lares a comportamientos de bajo riesgo y fianzas mas altas en d\u00f3lares a comportamientos de alto riesgo, pero sin una consideraci\u00f3n adecuada de la capacidad de pago del individuo. El resultado es que los individuos que presentan un riesgo m\u00e1s alto para la sociedad est\u00e1n siendo liberados porque tienen dinero mientras que un individuo de menor riesgo contin\u00faa sentado en la c\u00e1rcel porque no tienen 100 d\u00f3lares. Este proyecto de la ACLU ayudar\u00e1 a informar futuras acciones legislativas para ayudar a corregir este desequilibrio\".\n\nEl senador Matt Hansen, en representaci\u00f3n del Distrito Legislativo 26 en Lincoln, estuvo de acuerdo en que el nuevo esfuerzo ayudar\u00e1 a informar los esfuerzos futuros. \n\n\u201cLa Legislatura ha hecho avances reflexivos dirigidos a minimizar el impacto disparejo de la fianza en efectivo en los \u00faltimos a\u00f1os. Es importante que las partes interesadas como la ACLU contin\u00faen supervisando c\u00f3mo se implementa este progreso d\u00eda a d\u00eda en nuestros tribunales para que podamos saber qu\u00e9 pasos a seguir\u201d, dijo Hansen.\n\nLos empleados legales y voluntarios ya han comenzado a revisar el video y tambi\u00e9n asistir\u00e1n a las audiencias a partir de este verano.\n\n\u201cTenemos la Esperanza de que a trav\u00e9s de este programa podamos elevar a los jueces que son un buen ejemplo de c\u00f3mo podemos dejar de usar la fianza en efectivo como nada m\u00e1s que un instrumento para la encarcelaci\u00f3n innecesaria e implementar un camino m\u00e1s justo y equitativo para aquellos que est\u00e1n navegando por nuestro sistema de justicia\u201d, dijo la secretaria de leyes de Nebraska, Riley Wilson.\n\nEl proyecto es posible gracias al generoso apoyo de Woods Charitable Fund."}}],"use_default_media_contact":false,"name":"<p><a href=\"mailto:spetto@aclunebraska.org\">Sam Petto<\/a>, ACLU of Nebraska Communications Director<\/p>","email":"","phone":"","address":{"address_1":"","address_2":"","city":"","state":"","zip_code":"","country":"United States"},"pgp_public_key":"","spokesperson":null,"related_content":[],"issues":null,"toggle-pdf":true,"documents":null},"yoast_head":"<!-- This site is optimized with the Yoast SEO plugin v24.9 - https:\/\/yoast.com\/wordpress\/plugins\/seo\/ -->\n<title>OJOS EN LA JUSTICIA IGUALITARIA, ACLU DE NEBRASKA LANZA PROGRAMA DE VIGILANCIA DE LA CORTE - ACLU of Nebraska<\/title>\n<meta name=\"robots\" content=\"index, follow, max-snippet:-1, max-image-preview:large, max-video-preview:-1\" \/>\n<link rel=\"canonical\" href=\"http:\/\/www.aclunebraska.org\/es\/press-releases\/ojos-en-la-justicia-igualitaria-aclu-de-nebraska-lanza-programa-de-vigilancia-de-la\/\" \/>\n<meta property=\"og:locale\" content=\"es_ES\" \/>\n<meta property=\"og:type\" content=\"article\" \/>\n<meta property=\"og:title\" content=\"OJOS EN LA JUSTICIA IGUALITARIA, ACLU DE NEBRASKA LANZA PROGRAMA DE VIGILANCIA DE LA CORTE - ACLU of Nebraska\" \/>\n<meta property=\"og:description\" content=\"3 DE JUNIO DEL 2021 LINCOLN, Neb. \u2013 Hoy, la ACLU de Nebraska anunci\u00f3 un nuevo esfuerzo de rendici\u00f3n de cuentas ante el fiscal y la corte, centrado en los derechos de los ciudadanos de Nebraska que est\u00e1n luchando financieramente. El proyecto es el primero de su \u00e1mbito en el estado Cornhusker. Durante los pr\u00f3ximos [&hellip;]\" \/>\n<meta property=\"og:url\" content=\"https:\/\/www.aclunebraska.org\/es\/press-releases\/ojos-en-la-justicia-igualitaria-aclu-de-nebraska-lanza-programa-de-vigilancia-de-la\/\" \/>\n<meta property=\"og:site_name\" content=\"ACLU of Nebraska\" \/>\n<meta property=\"og:image\" content=\"https:\/\/www.aclunebraska.org\/app\/themes\/aclu-parent\/img\/default_fb_share.jpg\" \/>\n<meta name=\"twitter:card\" content=\"summary_large_image\" \/>\n<script type=\"application\/ld+json\" class=\"yoast-schema-graph\">{\"@context\":\"https:\/\/schema.org\",\"@graph\":[{\"@type\":\"WebPage\",\"@id\":\"http:\/\/www.aclunebraska.org\/es\/press-releases\/ojos-en-la-justicia-igualitaria-aclu-de-nebraska-lanza-programa-de-vigilancia-de-la\/\",\"url\":\"http:\/\/www.aclunebraska.org\/es\/press-releases\/ojos-en-la-justicia-igualitaria-aclu-de-nebraska-lanza-programa-de-vigilancia-de-la\/\",\"name\":\"OJOS EN LA JUSTICIA IGUALITARIA, ACLU DE NEBRASKA LANZA PROGRAMA DE VIGILANCIA DE LA CORTE - ACLU of Nebraska\",\"isPartOf\":{\"@id\":\"https:\/\/www.aclunebraska.org\/#website\"},\"datePublished\":\"2021-06-03T18:30:00+00:00\",\"breadcrumb\":{\"@id\":\"http:\/\/www.aclunebraska.org\/es\/press-releases\/ojos-en-la-justicia-igualitaria-aclu-de-nebraska-lanza-programa-de-vigilancia-de-la\/#breadcrumb\"},\"inLanguage\":\"es-ES\",\"potentialAction\":[{\"@type\":\"ReadAction\",\"target\":[\"http:\/\/www.aclunebraska.org\/es\/press-releases\/ojos-en-la-justicia-igualitaria-aclu-de-nebraska-lanza-programa-de-vigilancia-de-la\/\"]}]},{\"@type\":\"BreadcrumbList\",\"@id\":\"http:\/\/www.aclunebraska.org\/es\/press-releases\/ojos-en-la-justicia-igualitaria-aclu-de-nebraska-lanza-programa-de-vigilancia-de-la\/#breadcrumb\",\"itemListElement\":[{\"@type\":\"ListItem\",\"position\":1,\"name\":\"Press Releases\",\"item\":\"https:\/\/www.aclunebraska.org\/press-releases\/\"},{\"@type\":\"ListItem\",\"position\":2,\"name\":\"OJOS EN LA JUSTICIA IGUALITARIA, ACLU DE NEBRASKA LANZA PROGRAMA DE VIGILANCIA DE LA CORTE\"}]},{\"@type\":\"WebSite\",\"@id\":\"https:\/\/www.aclunebraska.org\/#website\",\"url\":\"https:\/\/www.aclunebraska.org\/\",\"name\":\"ACLU of Nebraska\",\"description\":\"\",\"publisher\":{\"@id\":\"https:\/\/www.aclunebraska.org\/#organization\"},\"potentialAction\":[{\"@type\":\"SearchAction\",\"target\":{\"@type\":\"EntryPoint\",\"urlTemplate\":\"https:\/\/www.aclunebraska.org\/?s={search_term_string}\"},\"query-input\":{\"@type\":\"PropertyValueSpecification\",\"valueRequired\":true,\"valueName\":\"search_term_string\"}}],\"inLanguage\":\"es-ES\"},{\"@type\":\"Organization\",\"@id\":\"https:\/\/www.aclunebraska.org\/#organization\",\"name\":\"ACLU of Nebraska\",\"url\":\"https:\/\/www.aclunebraska.org\/\",\"logo\":{\"@type\":\"ImageObject\",\"inLanguage\":\"es-ES\",\"@id\":\"https:\/\/www.aclunebraska.org\/#\/schema\/logo\/image\/\",\"url\":\"https:\/\/www.aclunebraska.org\/app\/uploads\/2025\/08\/ACLU-Nebraska_Color-Logo_RGB.png\",\"contentUrl\":\"https:\/\/www.aclunebraska.org\/app\/uploads\/2025\/08\/ACLU-Nebraska_Color-Logo_RGB.png\",\"width\":1063,\"height\":578,\"caption\":\"ACLU of Nebraska\"},\"image\":{\"@id\":\"https:\/\/www.aclunebraska.org\/#\/schema\/logo\/image\/\"}}]}<\/script>\n<!-- \/ Yoast SEO plugin. -->","yoast_head_json":{"title":"OJOS EN LA JUSTICIA IGUALITARIA, ACLU DE NEBRASKA LANZA PROGRAMA DE VIGILANCIA DE LA CORTE - ACLU of Nebraska","robots":{"index":"index","follow":"follow","max-snippet":"max-snippet:-1","max-image-preview":"max-image-preview:large","max-video-preview":"max-video-preview:-1"},"canonical":"http:\/\/www.aclunebraska.org\/es\/press-releases\/ojos-en-la-justicia-igualitaria-aclu-de-nebraska-lanza-programa-de-vigilancia-de-la\/","og_locale":"es_ES","og_type":"article","og_title":"OJOS EN LA JUSTICIA IGUALITARIA, ACLU DE NEBRASKA LANZA PROGRAMA DE VIGILANCIA DE LA CORTE - ACLU of Nebraska","og_description":"3 DE JUNIO DEL 2021 LINCOLN, Neb. \u2013 Hoy, la ACLU de Nebraska anunci\u00f3 un nuevo esfuerzo de rendici\u00f3n de cuentas ante el fiscal y la corte, centrado en los derechos de los ciudadanos de Nebraska que est\u00e1n luchando financieramente. El proyecto es el primero de su \u00e1mbito en el estado Cornhusker. Durante los pr\u00f3ximos [&hellip;]","og_url":"https:\/\/www.aclunebraska.org\/es\/press-releases\/ojos-en-la-justicia-igualitaria-aclu-de-nebraska-lanza-programa-de-vigilancia-de-la\/","og_site_name":"ACLU of Nebraska","og_image":[{"url":"https:\/\/www.aclunebraska.org\/app\/themes\/aclu-parent\/img\/default_fb_share.jpg","type":"","width":"","height":""}],"twitter_card":"summary_large_image","schema":{"@context":"https:\/\/schema.org","@graph":[{"@type":"WebPage","@id":"http:\/\/www.aclunebraska.org\/es\/press-releases\/ojos-en-la-justicia-igualitaria-aclu-de-nebraska-lanza-programa-de-vigilancia-de-la\/","url":"http:\/\/www.aclunebraska.org\/es\/press-releases\/ojos-en-la-justicia-igualitaria-aclu-de-nebraska-lanza-programa-de-vigilancia-de-la\/","name":"OJOS EN LA JUSTICIA IGUALITARIA, ACLU DE NEBRASKA LANZA PROGRAMA DE VIGILANCIA DE LA CORTE - ACLU of Nebraska","isPartOf":{"@id":"https:\/\/www.aclunebraska.org\/#website"},"datePublished":"2021-06-03T18:30:00+00:00","breadcrumb":{"@id":"http:\/\/www.aclunebraska.org\/es\/press-releases\/ojos-en-la-justicia-igualitaria-aclu-de-nebraska-lanza-programa-de-vigilancia-de-la\/#breadcrumb"},"inLanguage":"es-ES","potentialAction":[{"@type":"ReadAction","target":["http:\/\/www.aclunebraska.org\/es\/press-releases\/ojos-en-la-justicia-igualitaria-aclu-de-nebraska-lanza-programa-de-vigilancia-de-la\/"]}]},{"@type":"BreadcrumbList","@id":"http:\/\/www.aclunebraska.org\/es\/press-releases\/ojos-en-la-justicia-igualitaria-aclu-de-nebraska-lanza-programa-de-vigilancia-de-la\/#breadcrumb","itemListElement":[{"@type":"ListItem","position":1,"name":"Press Releases","item":"https:\/\/www.aclunebraska.org\/press-releases\/"},{"@type":"ListItem","position":2,"name":"OJOS EN LA JUSTICIA IGUALITARIA, ACLU DE NEBRASKA LANZA PROGRAMA DE VIGILANCIA DE LA CORTE"}]},{"@type":"WebSite","@id":"https:\/\/www.aclunebraska.org\/#website","url":"https:\/\/www.aclunebraska.org\/","name":"ACLU of Nebraska","description":"","publisher":{"@id":"https:\/\/www.aclunebraska.org\/#organization"},"potentialAction":[{"@type":"SearchAction","target":{"@type":"EntryPoint","urlTemplate":"https:\/\/www.aclunebraska.org\/?s={search_term_string}"},"query-input":{"@type":"PropertyValueSpecification","valueRequired":true,"valueName":"search_term_string"}}],"inLanguage":"es-ES"},{"@type":"Organization","@id":"https:\/\/www.aclunebraska.org\/#organization","name":"ACLU of Nebraska","url":"https:\/\/www.aclunebraska.org\/","logo":{"@type":"ImageObject","inLanguage":"es-ES","@id":"https:\/\/www.aclunebraska.org\/#\/schema\/logo\/image\/","url":"https:\/\/www.aclunebraska.org\/app\/uploads\/2025\/08\/ACLU-Nebraska_Color-Logo_RGB.png","contentUrl":"https:\/\/www.aclunebraska.org\/app\/uploads\/2025\/08\/ACLU-Nebraska_Color-Logo_RGB.png","width":1063,"height":578,"caption":"ACLU of Nebraska"},"image":{"@id":"https:\/\/www.aclunebraska.org\/#\/schema\/logo\/image\/"}}]}},"distributor_meta":false,"distributor_terms":false,"distributor_media":false,"distributor_original_site_name":"ACLU of Nebraska","distributor_original_site_url":"https:\/\/www.aclunebraska.org\/es\/","push-errors":false,"_links":{"self":[{"href":"https:\/\/www.aclunebraska.org\/es\/wp-json\/wp\/v2\/press_release\/3549","targetHints":{"allow":["GET"]}}],"collection":[{"href":"https:\/\/www.aclunebraska.org\/es\/wp-json\/wp\/v2\/press_release"}],"about":[{"href":"https:\/\/www.aclunebraska.org\/es\/wp-json\/wp\/v2\/types\/press_release"}],"author":[{"embeddable":true,"href":"https:\/\/www.aclunebraska.org\/es\/wp-json\/wp\/v2\/users\/5"}],"version-history":[{"count":0,"href":"https:\/\/www.aclunebraska.org\/es\/wp-json\/wp\/v2\/press_release\/3549\/revisions"}],"wp:attachment":[{"href":"https:\/\/www.aclunebraska.org\/es\/wp-json\/wp\/v2\/media?parent=3549"}],"curies":[{"name":"wp","href":"https:\/\/api.w.org\/{rel}","templated":true}]}}