{"id":5262,"date":"2025-07-23T08:41:34","date_gmt":"2025-07-23T13:41:34","guid":{"rendered":"https:\/\/www.aclunebraska.org\/?post_type=press_release&#038;p=5262"},"modified":"2025-07-23T08:43:07","modified_gmt":"2025-07-23T13:43:07","slug":"ice-libera-a-cliente-de-la-aclu-pero-otras-personal-inmigrantes-siguen-detenidas-a-pesar-de-haber-obtenido-libertad-bajo-fianza","status":"publish","type":"press_release","link":"https:\/\/www.aclunebraska.org\/es\/press-releases\/ice-libera-a-cliente-de-la-aclu-pero-otras-personal-inmigrantes-siguen-detenidas-a-pesar-de-haber-obtenido-libertad-bajo-fianza\/","title":{"rendered":"ICE Libera a Cliente de la ACLU, Pero Otras Personal Inmigrantes Siguen Detenidas a Pesar de Haber Obtenido Libertad Bajo Fianza"},"author":5,"featured_media":0,"menu_order":0,"template":"","meta":{"_acf_changed":false,"_relevanssi_hide_post":"","_relevanssi_hide_content":"","_relevanssi_pin_for_all":"","_relevanssi_pin_keywords":"","_relevanssi_unpin_keywords":"","_relevanssi_related_keywords":"","_relevanssi_related_include_ids":"","_relevanssi_related_exclude_ids":"","_relevanssi_related_no_append":"","_relevanssi_related_not_related":"","_relevanssi_related_posts":"","_relevanssi_noindex_reason":""},"class_list":["post-5262","press_release","type-press_release","status-publish","hentry"],"acf":{"subheading":"Un hombre de Omaha ya est\u00e1 de regreso con sus seres queridos tras haber pasado semanas bajo la custodia de las autoridades federales de inmigraci\u00f3n.","date_and_time":"2025-07-23 00:00:00","featured_image":5254,"components":[{"acf_fc_layout":"text","text":{"text":"LINCOLN, Neb. \u2014 Un hombre de Omaha ya est\u00e1 de regreso con sus seres queridos tras haber pasado semanas bajo la custodia de las autoridades federales de inmigraci\u00f3n. Aunque el hombre pago su fianza el 10 de julio, la Agencia de Inmigraci\u00f3n y Control de Aduanas (ICE por sus siglas en ingl\u00e9s) se neg\u00f3 a aprobar su liberaci\u00f3n hasta hace pocos d\u00edas.  \r\n\r\nLa Uni\u00f3n Americana de Libertades Civiles (ACLU) de Nebraska hab\u00eda estado trabajando en su liberaci\u00f3n junto al abogado de inmigraci\u00f3n del hombre, Paul Forney.  \r\n\r\nAgentes de ICE detuvieron al hombre durante la redada del mes de junio en Glenn Valley Foods, en Omaha. Paso dos d\u00edas en las oficinas del Departamento de Seguridad Nacional en Omaha antes de ser trasladado al Centro de Detenci\u00f3n del Condado de Lincoln en North Platte. El 9 de julio, un juez de inmigraci\u00f3n de Omaha fijo una fianza de $10,000 en su primera audiencia. El hombre pago la fianza al d\u00eda siguiente con la ayuda del Prairielands Freedom Fund. Su familia manejo hasta North Platte con la esperanza de llevarlo de vuelta a casa, pero se enteraron de que el centro de detenci\u00f3n no lo liberar\u00eda debido a objeciones de las autoridades migratorias, quienes afirmaban haber presentado una notificaci\u00f3n de intenci\u00f3n de apelar. No exist\u00eda ning\u00fan registro de dicha notificaci\u00f3n, algo que Forney se\u00f1al\u00f3 repetidamente tanto a ICE como al centro de detenci\u00f3n.  \r\n\r\nTodo indica que las autoridades negaron la libertad del hombre bas\u00e1ndose en la nueva directriz provisional de ICE, la cual establece que la mayor\u00eda de las personas inmigrantes no son elegibles para ser liberadas bajo fianza. Esta pol\u00edtica exige que casi todas las personas inmigrantes permanezcan detenidas durante todo su proceso migratoria, el cual puede durar a\u00f1os. Como ejemplo, la pr\u00f3xima audiencia del hombre est\u00e1 programada para el abril de 2026.  \r\n\r\nForney busco el apoyo de la ACLU de Nebraska mientras continuaba sus esfuerzos por asegurar la libertad de su cliente. El domingo, 20 de julio, un abogado de ICE reconoci\u00f3 un \u201cdescuido\u201d y confirmo que el hombre ser\u00eda liberado al d\u00eda siguiente. El lunes 21 de julio, sali\u00f3 de custodia y \u00e9l y su familia fueron recibidos y apoyados por la organizaci\u00f3n HOPE-Esperanza, con sede en North Platte, antes de regresar esa misma noche a Omaha. Ahora se encuentra nuevamente con su pareja y su hijo peque\u00f1os, y podr\u00e1 continuar su proceso migratorio y presentar su solicitud de asilo mientras permanece en la comunidad.  \r\n\r\nDecenas de personas detenidas por ICE en Nebraska siguen bajo custodia incluso despu\u00e9s de que un juez de inmigraci\u00f3n les haya fijado una fianza, una decisi\u00f3n que, por ley, debe considerar si representan un riesgo de fugo o un peligro para la comunidad. Adem\u00e1s, decenas de miles de d\u00f3lares pagado por families y por el Prairielands Freedom Fund permanecen en manos del gobierno. La ACLU de Nebraska considera que esta detenci\u00f3n prolongado plantea series preocupaciones sobre el debido proceso.  \r\n\r\n<strong>Paul Forney, abogado de inmigraci\u00f3n en el \u00e1rea de Omaha, dijo:  <\/strong>\r\n\r\n\u201cLas pol\u00edticas migratorias de esta administraci\u00f3n son duras. ICE tiene un objetivo claro: deportar a las personas inmigrantes lo m\u00e1s r\u00e1pido posible. En este caso, ICE ha demostrado un claro desprecio por las normas, los reglamentos y por los derechos civiles de mi cliente.\u201d  \r\n\r\n<strong>Mindy Rush Chipman, directora ejecutiva de la ACLU de Nebraska, expres\u00f3:  <\/strong>\r\n\r\n\u201cLa nueva y cruel pol\u00edtica de ICE ya est\u00e1 afectando a familia de Nebraska que deber\u00edan estar juntas, en lugar de preguntarse cuando, o si, una madre o un padre volver\u00e1 a casa. Nos sentimos muy aliviados de que una familia m\u00e1s este reunida, pero sabemos que este es solo el primer paso de un camino m\u00e1s largo. Sin importar nuestro estatus migratorio, todas las personas tenemos ciertos derechos. El gobierno federal no puede ignorar el debido proceso legal ni mantener a personas detenidas simplemente por una nueva o infundida pol\u00edtica que de pronto considera que millones de miembros de nuestras comunidades no califican para la libertad bajo fianza. Esto es inaceptable y no puede convertirse en la nueva normalidad del pa\u00eds.\u201d  \r\n\r\nLa redada de junio en Omaha fue la operaci\u00f3n de control migratorio m\u00e1s registrada en Nebraska desde el 2018. Seg\u00fan reportes, la mayor\u00eda de las personas detenidas por ICE en esta redada no ten\u00edan antecedentes penales.  "}}],"use_default_media_contact":true,"name":"","email":"","phone":"","address":{"address_1":"","address_2":"","city":"","state":"","zip_code":"","country":"United States"},"pgp_public_key":"","spokesperson":null,"related_content":null,"issues":null,"toggle-pdf":true,"documents":null},"yoast_head":"<!-- This site is optimized with the Yoast SEO plugin v24.9 - https:\/\/yoast.com\/wordpress\/plugins\/seo\/ -->\n<title>ICE Libera a Cliente de la ACLU, Pero Otras Personal Inmigrantes Siguen Detenidas a Pesar de Haber Obtenido Libertad Bajo Fianza - ACLU of Nebraska<\/title>\n<meta name=\"robots\" content=\"index, follow, max-snippet:-1, max-image-preview:large, max-video-preview:-1\" \/>\n<link rel=\"canonical\" href=\"https:\/\/www.aclunebraska.org\/es\/press-releases\/ice-libera-a-cliente-de-la-aclu-pero-otras-personal-inmigrantes-siguen-detenidas-a-pesar-de-haber-obtenido-libertad-bajo-fianza\/\" \/>\n<meta property=\"og:locale\" content=\"es_ES\" \/>\n<meta property=\"og:type\" content=\"article\" \/>\n<meta property=\"og:title\" content=\"ICE Libera a Cliente de la ACLU, Pero Otras Personal Inmigrantes Siguen Detenidas a Pesar de Haber Obtenido Libertad Bajo Fianza - ACLU of Nebraska\" \/>\n<meta property=\"og:description\" content=\"Un hombre de Omaha ya est\u00e1 de regreso con sus seres queridos tras haber pasado semanas bajo la custodia de las autoridades federales de inmigraci\u00f3n.\" \/>\n<meta property=\"og:url\" content=\"https:\/\/www.aclunebraska.org\/es\/press-releases\/ice-libera-a-cliente-de-la-aclu-pero-otras-personal-inmigrantes-siguen-detenidas-a-pesar-de-haber-obtenido-libertad-bajo-fianza\/\" \/>\n<meta property=\"og:site_name\" content=\"ACLU of Nebraska\" \/>\n<meta property=\"article:modified_time\" content=\"2025-07-23T13:43:07+00:00\" \/>\n<meta property=\"og:image\" content=\"https:\/\/www.aclunebraska.org\/app\/themes\/aclu-parent\/img\/default_fb_share.jpg\" \/>\n<meta name=\"twitter:card\" content=\"summary_large_image\" \/>\n<script type=\"application\/ld+json\" class=\"yoast-schema-graph\">{\"@context\":\"https:\/\/schema.org\",\"@graph\":[{\"@type\":\"WebPage\",\"@id\":\"https:\/\/www.aclunebraska.org\/es\/press-releases\/ice-libera-a-cliente-de-la-aclu-pero-otras-personal-inmigrantes-siguen-detenidas-a-pesar-de-haber-obtenido-libertad-bajo-fianza\/\",\"url\":\"https:\/\/www.aclunebraska.org\/es\/press-releases\/ice-libera-a-cliente-de-la-aclu-pero-otras-personal-inmigrantes-siguen-detenidas-a-pesar-de-haber-obtenido-libertad-bajo-fianza\/\",\"name\":\"ICE Libera a Cliente de la ACLU, Pero Otras Personal Inmigrantes Siguen Detenidas a Pesar de Haber Obtenido Libertad Bajo Fianza - ACLU of Nebraska\",\"isPartOf\":{\"@id\":\"https:\/\/www.aclunebraska.org\/#website\"},\"datePublished\":\"2025-07-23T13:41:34+00:00\",\"dateModified\":\"2025-07-23T13:43:07+00:00\",\"breadcrumb\":{\"@id\":\"https:\/\/www.aclunebraska.org\/es\/press-releases\/ice-libera-a-cliente-de-la-aclu-pero-otras-personal-inmigrantes-siguen-detenidas-a-pesar-de-haber-obtenido-libertad-bajo-fianza\/#breadcrumb\"},\"inLanguage\":\"es-ES\",\"potentialAction\":[{\"@type\":\"ReadAction\",\"target\":[\"https:\/\/www.aclunebraska.org\/es\/press-releases\/ice-libera-a-cliente-de-la-aclu-pero-otras-personal-inmigrantes-siguen-detenidas-a-pesar-de-haber-obtenido-libertad-bajo-fianza\/\"]}]},{\"@type\":\"BreadcrumbList\",\"@id\":\"https:\/\/www.aclunebraska.org\/es\/press-releases\/ice-libera-a-cliente-de-la-aclu-pero-otras-personal-inmigrantes-siguen-detenidas-a-pesar-de-haber-obtenido-libertad-bajo-fianza\/#breadcrumb\",\"itemListElement\":[{\"@type\":\"ListItem\",\"position\":1,\"name\":\"Press Releases\",\"item\":\"https:\/\/www.aclunebraska.org\/press-releases\/\"},{\"@type\":\"ListItem\",\"position\":2,\"name\":\"ICE Libera a Cliente de la ACLU, Pero Otras Personal Inmigrantes Siguen Detenidas a Pesar de Haber Obtenido Libertad Bajo Fianza\"}]},{\"@type\":\"WebSite\",\"@id\":\"https:\/\/www.aclunebraska.org\/#website\",\"url\":\"https:\/\/www.aclunebraska.org\/\",\"name\":\"ACLU of Nebraska\",\"description\":\"\",\"publisher\":{\"@id\":\"https:\/\/www.aclunebraska.org\/#organization\"},\"potentialAction\":[{\"@type\":\"SearchAction\",\"target\":{\"@type\":\"EntryPoint\",\"urlTemplate\":\"https:\/\/www.aclunebraska.org\/?s={search_term_string}\"},\"query-input\":{\"@type\":\"PropertyValueSpecification\",\"valueRequired\":true,\"valueName\":\"search_term_string\"}}],\"inLanguage\":\"es-ES\"},{\"@type\":\"Organization\",\"@id\":\"https:\/\/www.aclunebraska.org\/#organization\",\"name\":\"ACLU of Nebraska\",\"url\":\"https:\/\/www.aclunebraska.org\/\",\"logo\":{\"@type\":\"ImageObject\",\"inLanguage\":\"es-ES\",\"@id\":\"https:\/\/www.aclunebraska.org\/#\/schema\/logo\/image\/\",\"url\":\"https:\/\/www.aclunebraska.org\/app\/uploads\/2025\/08\/ACLU-Nebraska_Color-Logo_RGB.png\",\"contentUrl\":\"https:\/\/www.aclunebraska.org\/app\/uploads\/2025\/08\/ACLU-Nebraska_Color-Logo_RGB.png\",\"width\":1063,\"height\":578,\"caption\":\"ACLU of Nebraska\"},\"image\":{\"@id\":\"https:\/\/www.aclunebraska.org\/#\/schema\/logo\/image\/\"}}]}<\/script>\n<!-- \/ Yoast SEO plugin. -->","yoast_head_json":{"title":"ICE Libera a Cliente de la ACLU, Pero Otras Personal Inmigrantes Siguen Detenidas a Pesar de Haber Obtenido Libertad Bajo Fianza - ACLU of Nebraska","robots":{"index":"index","follow":"follow","max-snippet":"max-snippet:-1","max-image-preview":"max-image-preview:large","max-video-preview":"max-video-preview:-1"},"canonical":"https:\/\/www.aclunebraska.org\/es\/press-releases\/ice-libera-a-cliente-de-la-aclu-pero-otras-personal-inmigrantes-siguen-detenidas-a-pesar-de-haber-obtenido-libertad-bajo-fianza\/","og_locale":"es_ES","og_type":"article","og_title":"ICE Libera a Cliente de la ACLU, Pero Otras Personal Inmigrantes Siguen Detenidas a Pesar de Haber Obtenido Libertad Bajo Fianza - ACLU of Nebraska","og_description":"Un hombre de Omaha ya est\u00e1 de regreso con sus seres queridos tras haber pasado semanas bajo la custodia de las autoridades federales de inmigraci\u00f3n.","og_url":"https:\/\/www.aclunebraska.org\/es\/press-releases\/ice-libera-a-cliente-de-la-aclu-pero-otras-personal-inmigrantes-siguen-detenidas-a-pesar-de-haber-obtenido-libertad-bajo-fianza\/","og_site_name":"ACLU of Nebraska","article_modified_time":"2025-07-23T13:43:07+00:00","og_image":[{"url":"https:\/\/www.aclunebraska.org\/app\/themes\/aclu-parent\/img\/default_fb_share.jpg","type":"","width":"","height":""}],"twitter_card":"summary_large_image","schema":{"@context":"https:\/\/schema.org","@graph":[{"@type":"WebPage","@id":"https:\/\/www.aclunebraska.org\/es\/press-releases\/ice-libera-a-cliente-de-la-aclu-pero-otras-personal-inmigrantes-siguen-detenidas-a-pesar-de-haber-obtenido-libertad-bajo-fianza\/","url":"https:\/\/www.aclunebraska.org\/es\/press-releases\/ice-libera-a-cliente-de-la-aclu-pero-otras-personal-inmigrantes-siguen-detenidas-a-pesar-de-haber-obtenido-libertad-bajo-fianza\/","name":"ICE Libera a Cliente de la ACLU, Pero Otras Personal Inmigrantes Siguen Detenidas a Pesar de Haber Obtenido Libertad Bajo Fianza - ACLU of Nebraska","isPartOf":{"@id":"https:\/\/www.aclunebraska.org\/#website"},"datePublished":"2025-07-23T13:41:34+00:00","dateModified":"2025-07-23T13:43:07+00:00","breadcrumb":{"@id":"https:\/\/www.aclunebraska.org\/es\/press-releases\/ice-libera-a-cliente-de-la-aclu-pero-otras-personal-inmigrantes-siguen-detenidas-a-pesar-de-haber-obtenido-libertad-bajo-fianza\/#breadcrumb"},"inLanguage":"es-ES","potentialAction":[{"@type":"ReadAction","target":["https:\/\/www.aclunebraska.org\/es\/press-releases\/ice-libera-a-cliente-de-la-aclu-pero-otras-personal-inmigrantes-siguen-detenidas-a-pesar-de-haber-obtenido-libertad-bajo-fianza\/"]}]},{"@type":"BreadcrumbList","@id":"https:\/\/www.aclunebraska.org\/es\/press-releases\/ice-libera-a-cliente-de-la-aclu-pero-otras-personal-inmigrantes-siguen-detenidas-a-pesar-de-haber-obtenido-libertad-bajo-fianza\/#breadcrumb","itemListElement":[{"@type":"ListItem","position":1,"name":"Press Releases","item":"https:\/\/www.aclunebraska.org\/press-releases\/"},{"@type":"ListItem","position":2,"name":"ICE Libera a Cliente de la ACLU, Pero Otras Personal Inmigrantes Siguen Detenidas a Pesar de Haber Obtenido Libertad Bajo Fianza"}]},{"@type":"WebSite","@id":"https:\/\/www.aclunebraska.org\/#website","url":"https:\/\/www.aclunebraska.org\/","name":"ACLU of Nebraska","description":"","publisher":{"@id":"https:\/\/www.aclunebraska.org\/#organization"},"potentialAction":[{"@type":"SearchAction","target":{"@type":"EntryPoint","urlTemplate":"https:\/\/www.aclunebraska.org\/?s={search_term_string}"},"query-input":{"@type":"PropertyValueSpecification","valueRequired":true,"valueName":"search_term_string"}}],"inLanguage":"es-ES"},{"@type":"Organization","@id":"https:\/\/www.aclunebraska.org\/#organization","name":"ACLU of Nebraska","url":"https:\/\/www.aclunebraska.org\/","logo":{"@type":"ImageObject","inLanguage":"es-ES","@id":"https:\/\/www.aclunebraska.org\/#\/schema\/logo\/image\/","url":"https:\/\/www.aclunebraska.org\/app\/uploads\/2025\/08\/ACLU-Nebraska_Color-Logo_RGB.png","contentUrl":"https:\/\/www.aclunebraska.org\/app\/uploads\/2025\/08\/ACLU-Nebraska_Color-Logo_RGB.png","width":1063,"height":578,"caption":"ACLU of Nebraska"},"image":{"@id":"https:\/\/www.aclunebraska.org\/#\/schema\/logo\/image\/"}}]}},"distributor_meta":false,"distributor_terms":false,"distributor_media":false,"distributor_original_site_name":"ACLU of Nebraska","distributor_original_site_url":"https:\/\/www.aclunebraska.org\/es\/","push-errors":false,"_links":{"self":[{"href":"https:\/\/www.aclunebraska.org\/es\/wp-json\/wp\/v2\/press_release\/5262","targetHints":{"allow":["GET"]}}],"collection":[{"href":"https:\/\/www.aclunebraska.org\/es\/wp-json\/wp\/v2\/press_release"}],"about":[{"href":"https:\/\/www.aclunebraska.org\/es\/wp-json\/wp\/v2\/types\/press_release"}],"author":[{"embeddable":true,"href":"https:\/\/www.aclunebraska.org\/es\/wp-json\/wp\/v2\/users\/5"}],"version-history":[{"count":1,"href":"https:\/\/www.aclunebraska.org\/es\/wp-json\/wp\/v2\/press_release\/5262\/revisions"}],"predecessor-version":[{"id":5263,"href":"https:\/\/www.aclunebraska.org\/es\/wp-json\/wp\/v2\/press_release\/5262\/revisions\/5263"}],"wp:attachment":[{"href":"https:\/\/www.aclunebraska.org\/es\/wp-json\/wp\/v2\/media?parent=5262"}],"curies":[{"name":"wp","href":"https:\/\/api.w.org\/{rel}","templated":true}]}}