{"id":5279,"date":"2025-08-01T09:42:30","date_gmt":"2025-08-01T14:42:30","guid":{"rendered":"https:\/\/www.aclunebraska.org\/?post_type=press_release&#038;p=5279"},"modified":"2025-08-01T12:50:52","modified_gmt":"2025-08-01T17:50:52","slug":"mujer-detenida-en-redada-de-ice-en-omaha-desafia-su-detencion-continua-mediante-una-demanda-de-la-aclu","status":"publish","type":"press_release","link":"https:\/\/www.aclunebraska.org\/es\/press-releases\/mujer-detenida-en-redada-de-ice-en-omaha-desafia-su-detencion-continua-mediante-una-demanda-de-la-aclu\/","title":{"rendered":"Mujer Detenida en Redada de ICE en Omaha Desaf\u00eda Su Detenci\u00f3n Continua Mediante una Demanda de la ACLU"},"author":5,"featured_media":0,"menu_order":0,"template":"","meta":{"_acf_changed":false,"_relevanssi_hide_post":"","_relevanssi_hide_content":"","_relevanssi_pin_for_all":"","_relevanssi_pin_keywords":"","_relevanssi_unpin_keywords":"","_relevanssi_related_keywords":"","_relevanssi_related_include_ids":"","_relevanssi_related_exclude_ids":"","_relevanssi_related_no_append":"","_relevanssi_related_not_related":"","_relevanssi_related_posts":"","_relevanssi_noindex_reason":""},"class_list":["post-5279","press_release","type-press_release","status-publish","hentry"],"acf":{"subheading":"Una mujer de Omaha est\u00e1 recurriendo al sistema judicial con la esperanza de poder salir de la custodia de las autoridades migratorias y reunirse con su familia. ","date_and_time":"2025-08-01 00:00:00","featured_image":5273,"components":[{"acf_fc_layout":"text","text":{"text":"LINCOLN, Neb. \u2014 Una mujer de Omaha est\u00e1 recurriendo al sistema judicial con la esperanza de poder salir de la custodia de las autoridades migratorias y reunirse con su familia. \r\n\r\nHoy, la Uni\u00f3n Americana de Libertades Civiles (ACLU) de Nebraska present\u00f3 una demanda federal de derechos civiles contra funcionarios federales y locales en nombre de Mar\u00eda Reynosa Jacinto, una madre soltera de 50 a\u00f1os que ha trabajado en los Estados Unidos durante 20 a\u00f1os para mantener a su hija, quien es ciudadana estadounidense. \r\n\r\nAgentes de Inmigraci\u00f3n y Control de Aduanas (ICE, por sus siglas en ingl\u00e9s) detuvieron a Reynosa Jacinto durante la redada en Glenn Valley Foods en Omaha en junio. Ella sigue detenida en el Centro de Detenci\u00f3n del Condado de Lincoln, a pesar de que un juez orden\u00f3 su libertard con fianza hace m\u00e1s de dos semanas. El 15 de julio, un juez de la corte de inmigraci\u00f3n de Omaha fij\u00f3 una fianza de $9,000, a pesar de las objeciones de un abogado de ICE, quien argument\u00f3 que ella no era elegible para fianza. Cuando el Prairielands Freedom Fund intent\u00f3 pagar la fianza, se enteraron de que ICE hab\u00eda emitido una suspensi\u00f3n autom\u00e1tica de su liberaci\u00f3n. \r\n\r\nLa demanda presentada hoy argumenta que la suspensi\u00f3n autom\u00e1tica de ICE viola ilegalmente la cl\u00e1usula de debido proceso de la Quinta Enmienda al anular la decisi\u00f3n individualizada de un juez de inmigraci\u00f3n sobre la fianza, haciendo que las consideraciones sobre el peligro o el riesgo de fuga no tengan sentido, y permitiendo una detenci\u00f3n prolongada e indefinida. \"No hay debido proceso cuando el resultado del proceso no importa\", se lee en parte en la demanda. \r\n\r\nLa demanda vincula la suspensi\u00f3n autom\u00e1tica a la nueva \"orientaci\u00f3n provisional\" de ICE, que afirma que casi todos los inmigrantes detenidos en procedimientos de deportaci\u00f3n no son elegibles para liberarse bajo fianza. Esta pol\u00edtica sin fianza enfrenta una demanda colectiva presentada por la oficina nacional de la ACLU y otros defensores de los derechos de los inmigrantes. \r\n\r\nLa demanda de Reynosa Jacinto busca una orden judicial que asegure su liberaci\u00f3n con fianza o, alternativamente, una orden para mostrar causa, que obligar\u00eda a los funcionarios de inmigraci\u00f3n a demostrar que sus acciones son legales si desean continuar con su detenci\u00f3n. \r\n\r\n<b>Hablando a trav\u00e9s de una int\u00e9rprete de q\u02bcanjob\u02bcal, Reynosa Jacinto dijo<\/b> que ha enfrentado muchas dificultades y ha hecho sacrificios a lo largo de los a\u00f1os en busca de trabajo y seguridad. Est\u00e1 sufriendo en detenci\u00f3n, especialmente por la distancia con su hija, y espera ser liberada bajo fianza pronto. \r\n\r\n<b>Andrea Rafael Reynosa, la hija de 19 a\u00f1os de la demandante, dijo:<\/b> \r\n\r\n\"Me qued\u00e9 en shock cuando mi mam\u00e1 fue detenida, y ha sido incre\u00edblemente dif\u00edcil desde entonces. Esta es la vez m\u00e1s larga que he estado separada de ella. Solo somos nosotras dos, y ella siempre ha estado all\u00ed para m\u00ed, trabajando duro para darnos una vida mejor. Me emociona mucho que ella siga donde est\u00e1 y yo est\u00e9 aqu\u00ed sola, aunque ya deber\u00eda haber salido hace semanas. Con todo mi coraz\u00f3n, espero que lo justo suceda y podamos reunirnos pronto.\" \r\n\r\n<b>Jennifer Houlden, directora legal interina de la ACLU de Nebraska, dijo:<\/b> \r\n\r\n\u201cDurante d\u00e9cadas, esta disposici\u00f3n de suspensi\u00f3n autom\u00e1tica se utiliz\u00f3 solo en los casos m\u00e1s excepcionales, y con raz\u00f3n: detiene de inmediato la orden de fianza emitida por un juez de inmigraci\u00f3n, sin ning\u00fan motivo espec\u00edfico relacionado con la persona y sin brindarle la oportunidad de ser escuchada sobre el tema. Todas las personas tenemos derecho al debido proceso seg\u00fan la ley, incluidas las personas de nuestras comunidades inmigrantes. El uso de una suspensi\u00f3n autom\u00e1tica en situaciones como la de nuestra clienta claramente viola ese derecho. Tengo la esperanza de que este caso pueda corregir esa injusticia, permitir que nuestra clienta pague su fianza tal como lo autoriz\u00f3 el juez, y que pueda reunirse con su hija, que es donde debe estar.\u201d \r\n\r\nComo muchas de las personas detenidas en la reciente redada de ICE en Omaha, Reynosa Jacinto no tiene condenas penales y era la principal proveedora de su familia. \r\n\r\nM\u00e1s de 20 compa\u00f1eros de trabajo de Reynosa Jacinto siguen detenidos bajo suspensiones autom\u00e1ticas o circunstancias similares. <a href=\"https:\/\/www.aclunebraska.org\/es\/press-releases\/ice-libera-a-cliente-de-la-aclu-pero-otras-personal-inmigrantes-siguen-detenidas-a-pesar-de-haber-obtenido-libertad-bajo-fianza\/\">La semana pasada, un cliente de la ACLU de Nebraska dej\u00f3 la custodia de ICE<\/a> casi dos semanas despu\u00e9s de haber pagado la fianza, tras reconocer los funcionarios que hubo \"un error\" en su caso. "}}],"use_default_media_contact":true,"name":"","email":"","phone":"","address":{"address_1":"","address_2":"","city":"","state":"","zip_code":"","country":"United States"},"pgp_public_key":"","spokesperson":null,"related_content":null,"issues":[2618],"toggle-pdf":true,"documents":null},"yoast_head":"<!-- This site is optimized with the Yoast SEO plugin v24.9 - https:\/\/yoast.com\/wordpress\/plugins\/seo\/ -->\n<title>Mujer Detenida en Redada de ICE en Omaha Desaf\u00eda Su Detenci\u00f3n Continua Mediante una Demanda de la ACLU - ACLU of Nebraska<\/title>\n<meta name=\"robots\" content=\"index, follow, max-snippet:-1, max-image-preview:large, max-video-preview:-1\" \/>\n<link rel=\"canonical\" href=\"https:\/\/www.aclunebraska.org\/es\/press-releases\/mujer-detenida-en-redada-de-ice-en-omaha-desafia-su-detencion-continua-mediante-una-demanda-de-la-aclu\/\" \/>\n<meta property=\"og:locale\" content=\"es_ES\" \/>\n<meta property=\"og:type\" content=\"article\" \/>\n<meta property=\"og:title\" content=\"Mujer Detenida en Redada de ICE en Omaha Desaf\u00eda Su Detenci\u00f3n Continua Mediante una Demanda de la ACLU - ACLU of Nebraska\" \/>\n<meta property=\"og:description\" content=\"Una mujer de Omaha est\u00e1 recurriendo al sistema judicial con la esperanza de poder salir de la custodia de las autoridades migratorias y reunirse con su familia.\" \/>\n<meta property=\"og:url\" content=\"https:\/\/www.aclunebraska.org\/es\/press-releases\/mujer-detenida-en-redada-de-ice-en-omaha-desafia-su-detencion-continua-mediante-una-demanda-de-la-aclu\/\" \/>\n<meta property=\"og:site_name\" content=\"ACLU of Nebraska\" \/>\n<meta property=\"article:modified_time\" content=\"2025-08-01T17:50:52+00:00\" \/>\n<meta property=\"og:image\" content=\"https:\/\/www.aclunebraska.org\/app\/themes\/aclu-parent\/img\/default_fb_share.jpg\" \/>\n<meta name=\"twitter:card\" content=\"summary_large_image\" \/>\n<script type=\"application\/ld+json\" class=\"yoast-schema-graph\">{\"@context\":\"https:\/\/schema.org\",\"@graph\":[{\"@type\":\"WebPage\",\"@id\":\"https:\/\/www.aclunebraska.org\/es\/press-releases\/mujer-detenida-en-redada-de-ice-en-omaha-desafia-su-detencion-continua-mediante-una-demanda-de-la-aclu\/\",\"url\":\"https:\/\/www.aclunebraska.org\/es\/press-releases\/mujer-detenida-en-redada-de-ice-en-omaha-desafia-su-detencion-continua-mediante-una-demanda-de-la-aclu\/\",\"name\":\"Mujer Detenida en Redada de ICE en Omaha Desaf\u00eda Su Detenci\u00f3n Continua Mediante una Demanda de la ACLU - ACLU of Nebraska\",\"isPartOf\":{\"@id\":\"https:\/\/www.aclunebraska.org\/#website\"},\"datePublished\":\"2025-08-01T14:42:30+00:00\",\"dateModified\":\"2025-08-01T17:50:52+00:00\",\"breadcrumb\":{\"@id\":\"https:\/\/www.aclunebraska.org\/es\/press-releases\/mujer-detenida-en-redada-de-ice-en-omaha-desafia-su-detencion-continua-mediante-una-demanda-de-la-aclu\/#breadcrumb\"},\"inLanguage\":\"es-ES\",\"potentialAction\":[{\"@type\":\"ReadAction\",\"target\":[\"https:\/\/www.aclunebraska.org\/es\/press-releases\/mujer-detenida-en-redada-de-ice-en-omaha-desafia-su-detencion-continua-mediante-una-demanda-de-la-aclu\/\"]}]},{\"@type\":\"BreadcrumbList\",\"@id\":\"https:\/\/www.aclunebraska.org\/es\/press-releases\/mujer-detenida-en-redada-de-ice-en-omaha-desafia-su-detencion-continua-mediante-una-demanda-de-la-aclu\/#breadcrumb\",\"itemListElement\":[{\"@type\":\"ListItem\",\"position\":1,\"name\":\"Press Releases\",\"item\":\"https:\/\/www.aclunebraska.org\/press-releases\/\"},{\"@type\":\"ListItem\",\"position\":2,\"name\":\"Mujer Detenida en Redada de ICE en Omaha Desaf\u00eda Su Detenci\u00f3n Continua Mediante una Demanda de la ACLU\"}]},{\"@type\":\"WebSite\",\"@id\":\"https:\/\/www.aclunebraska.org\/#website\",\"url\":\"https:\/\/www.aclunebraska.org\/\",\"name\":\"ACLU of Nebraska\",\"description\":\"\",\"publisher\":{\"@id\":\"https:\/\/www.aclunebraska.org\/#organization\"},\"potentialAction\":[{\"@type\":\"SearchAction\",\"target\":{\"@type\":\"EntryPoint\",\"urlTemplate\":\"https:\/\/www.aclunebraska.org\/?s={search_term_string}\"},\"query-input\":{\"@type\":\"PropertyValueSpecification\",\"valueRequired\":true,\"valueName\":\"search_term_string\"}}],\"inLanguage\":\"es-ES\"},{\"@type\":\"Organization\",\"@id\":\"https:\/\/www.aclunebraska.org\/#organization\",\"name\":\"ACLU of Nebraska\",\"url\":\"https:\/\/www.aclunebraska.org\/\",\"logo\":{\"@type\":\"ImageObject\",\"inLanguage\":\"es-ES\",\"@id\":\"https:\/\/www.aclunebraska.org\/#\/schema\/logo\/image\/\",\"url\":\"https:\/\/www.aclunebraska.org\/app\/uploads\/2025\/08\/ACLU-Nebraska_Color-Logo_RGB.png\",\"contentUrl\":\"https:\/\/www.aclunebraska.org\/app\/uploads\/2025\/08\/ACLU-Nebraska_Color-Logo_RGB.png\",\"width\":1063,\"height\":578,\"caption\":\"ACLU of Nebraska\"},\"image\":{\"@id\":\"https:\/\/www.aclunebraska.org\/#\/schema\/logo\/image\/\"}}]}<\/script>\n<!-- \/ Yoast SEO plugin. -->","yoast_head_json":{"title":"Mujer Detenida en Redada de ICE en Omaha Desaf\u00eda Su Detenci\u00f3n Continua Mediante una Demanda de la ACLU - ACLU of Nebraska","robots":{"index":"index","follow":"follow","max-snippet":"max-snippet:-1","max-image-preview":"max-image-preview:large","max-video-preview":"max-video-preview:-1"},"canonical":"https:\/\/www.aclunebraska.org\/es\/press-releases\/mujer-detenida-en-redada-de-ice-en-omaha-desafia-su-detencion-continua-mediante-una-demanda-de-la-aclu\/","og_locale":"es_ES","og_type":"article","og_title":"Mujer Detenida en Redada de ICE en Omaha Desaf\u00eda Su Detenci\u00f3n Continua Mediante una Demanda de la ACLU - ACLU of Nebraska","og_description":"Una mujer de Omaha est\u00e1 recurriendo al sistema judicial con la esperanza de poder salir de la custodia de las autoridades migratorias y reunirse con su familia.","og_url":"https:\/\/www.aclunebraska.org\/es\/press-releases\/mujer-detenida-en-redada-de-ice-en-omaha-desafia-su-detencion-continua-mediante-una-demanda-de-la-aclu\/","og_site_name":"ACLU of Nebraska","article_modified_time":"2025-08-01T17:50:52+00:00","og_image":[{"url":"https:\/\/www.aclunebraska.org\/app\/themes\/aclu-parent\/img\/default_fb_share.jpg","type":"","width":"","height":""}],"twitter_card":"summary_large_image","schema":{"@context":"https:\/\/schema.org","@graph":[{"@type":"WebPage","@id":"https:\/\/www.aclunebraska.org\/es\/press-releases\/mujer-detenida-en-redada-de-ice-en-omaha-desafia-su-detencion-continua-mediante-una-demanda-de-la-aclu\/","url":"https:\/\/www.aclunebraska.org\/es\/press-releases\/mujer-detenida-en-redada-de-ice-en-omaha-desafia-su-detencion-continua-mediante-una-demanda-de-la-aclu\/","name":"Mujer Detenida en Redada de ICE en Omaha Desaf\u00eda Su Detenci\u00f3n Continua Mediante una Demanda de la ACLU - ACLU of Nebraska","isPartOf":{"@id":"https:\/\/www.aclunebraska.org\/#website"},"datePublished":"2025-08-01T14:42:30+00:00","dateModified":"2025-08-01T17:50:52+00:00","breadcrumb":{"@id":"https:\/\/www.aclunebraska.org\/es\/press-releases\/mujer-detenida-en-redada-de-ice-en-omaha-desafia-su-detencion-continua-mediante-una-demanda-de-la-aclu\/#breadcrumb"},"inLanguage":"es-ES","potentialAction":[{"@type":"ReadAction","target":["https:\/\/www.aclunebraska.org\/es\/press-releases\/mujer-detenida-en-redada-de-ice-en-omaha-desafia-su-detencion-continua-mediante-una-demanda-de-la-aclu\/"]}]},{"@type":"BreadcrumbList","@id":"https:\/\/www.aclunebraska.org\/es\/press-releases\/mujer-detenida-en-redada-de-ice-en-omaha-desafia-su-detencion-continua-mediante-una-demanda-de-la-aclu\/#breadcrumb","itemListElement":[{"@type":"ListItem","position":1,"name":"Press Releases","item":"https:\/\/www.aclunebraska.org\/press-releases\/"},{"@type":"ListItem","position":2,"name":"Mujer Detenida en Redada de ICE en Omaha Desaf\u00eda Su Detenci\u00f3n Continua Mediante una Demanda de la ACLU"}]},{"@type":"WebSite","@id":"https:\/\/www.aclunebraska.org\/#website","url":"https:\/\/www.aclunebraska.org\/","name":"ACLU of Nebraska","description":"","publisher":{"@id":"https:\/\/www.aclunebraska.org\/#organization"},"potentialAction":[{"@type":"SearchAction","target":{"@type":"EntryPoint","urlTemplate":"https:\/\/www.aclunebraska.org\/?s={search_term_string}"},"query-input":{"@type":"PropertyValueSpecification","valueRequired":true,"valueName":"search_term_string"}}],"inLanguage":"es-ES"},{"@type":"Organization","@id":"https:\/\/www.aclunebraska.org\/#organization","name":"ACLU of Nebraska","url":"https:\/\/www.aclunebraska.org\/","logo":{"@type":"ImageObject","inLanguage":"es-ES","@id":"https:\/\/www.aclunebraska.org\/#\/schema\/logo\/image\/","url":"https:\/\/www.aclunebraska.org\/app\/uploads\/2025\/08\/ACLU-Nebraska_Color-Logo_RGB.png","contentUrl":"https:\/\/www.aclunebraska.org\/app\/uploads\/2025\/08\/ACLU-Nebraska_Color-Logo_RGB.png","width":1063,"height":578,"caption":"ACLU of Nebraska"},"image":{"@id":"https:\/\/www.aclunebraska.org\/#\/schema\/logo\/image\/"}}]}},"distributor_meta":false,"distributor_terms":false,"distributor_media":false,"distributor_original_site_name":"ACLU of Nebraska","distributor_original_site_url":"https:\/\/www.aclunebraska.org\/es\/","push-errors":false,"_links":{"self":[{"href":"https:\/\/www.aclunebraska.org\/es\/wp-json\/wp\/v2\/press_release\/5279","targetHints":{"allow":["GET"]}}],"collection":[{"href":"https:\/\/www.aclunebraska.org\/es\/wp-json\/wp\/v2\/press_release"}],"about":[{"href":"https:\/\/www.aclunebraska.org\/es\/wp-json\/wp\/v2\/types\/press_release"}],"author":[{"embeddable":true,"href":"https:\/\/www.aclunebraska.org\/es\/wp-json\/wp\/v2\/users\/5"}],"version-history":[{"count":1,"href":"https:\/\/www.aclunebraska.org\/es\/wp-json\/wp\/v2\/press_release\/5279\/revisions"}],"predecessor-version":[{"id":5280,"href":"https:\/\/www.aclunebraska.org\/es\/wp-json\/wp\/v2\/press_release\/5279\/revisions\/5280"}],"acf:post":[{"embeddable":true,"href":"https:\/\/www.aclunebraska.org\/es\/wp-json\/wp\/v2\/issue\/2618"}],"wp:attachment":[{"href":"https:\/\/www.aclunebraska.org\/es\/wp-json\/wp\/v2\/media?parent=5279"}],"curies":[{"name":"wp","href":"https:\/\/api.w.org\/{rel}","templated":true}]}}